{"id":4997,"date":"2026-04-20T08:08:20","date_gmt":"2026-04-20T13:08:20","guid":{"rendered":"https:\/\/educacion.crantioquia.org.co\/index.php\/2026\/04\/20\/atragantamiento-en-bebes-y-ninos-cruz-roja-antioquia-2\/"},"modified":"2026-04-20T10:13:12","modified_gmt":"2026-04-20T15:13:12","slug":"los-cursos-mas-demandados-en-colombia","status":"publish","type":"post","link":"https:\/\/educacion.crantioquia.org.co\/index.php\/2026\/04\/20\/los-cursos-mas-demandados-en-colombia\/","title":{"rendered":"Tendencias laborales 2026: los cursos m\u00e1s demandados en Colombia &#8211; Cruz Roja Antioquia"},"content":{"rendered":"\n[et_pb_section fb_built=&#8221;1&#8243; custom_padding_last_edited=&#8221;on|desktop&#8221; admin_label=&#8221;Header&#8221; _builder_version=&#8221;4.27.6&#8243; background_image=&#8221;http:\/\/educacion.crantioquia.org.co\/wp-content\/uploads\/2026\/04\/Cruz-Roja-blog-Tendencias-laborales-2026-los-cursos-mas-demandados-en-Colombia.jpg&#8221; background_size=&#8221;custom&#8221; background_position=&#8221;top_right&#8221; background_horizontal_offset=&#8221;57%&#8221; background_vertical_offset=&#8221;-200%&#8221; custom_margin=&#8221;0px||||false|false&#8221; custom_padding=&#8221;110px||||false|false&#8221; custom_padding_tablet=&#8221;140px|0px|0px|0px|false|false&#8221; custom_padding_phone=&#8221;120px|||&#8221; hover_enabled=&#8221;0&#8243; background_last_edited=&#8221;on|phone&#8221; background_enable_image_tablet=&#8221;off&#8221; background_enable_image_phone=&#8221;off&#8221; da_disable_devices=&#8221;off|off|off&#8221; global_colors_info=&#8221;{}&#8221; title_text=&#8221;Cruz-Roja-blog-Tendencias-laborales-2026&#8211;los-cursos-m\u00e1s-demandados-en-Colombia&#8221; sticky_enabled=&#8221;0&#8243; background_image_width=&#8221;100%&#8221; da_is_popup=&#8221;off&#8221; da_exit_intent=&#8221;off&#8221; da_has_close=&#8221;on&#8221; da_alt_close=&#8221;off&#8221; da_dark_close=&#8221;off&#8221; da_not_modal=&#8221;on&#8221; da_is_singular=&#8221;off&#8221; da_with_loader=&#8221;off&#8221; da_has_shadow=&#8221;on&#8221;][et_pb_row column_structure=&#8221;1_2,1_2&#8243; custom_padding_last_edited=&#8221;on|tablet&#8221; _builder_version=&#8221;4.16&#8243; max_width=&#8221;1280px&#8221; custom_margin_tablet=&#8221;||0px||false|false&#8221; custom_margin_phone=&#8221;&#8221; custom_margin_last_edited=&#8221;on|tablet&#8221; custom_padding_tablet=&#8221;100px||0px||false|false&#8221; custom_padding_phone=&#8221;&#8221; use_custom_width=&#8221;on&#8221; custom_width_px=&#8221;1280px&#8221; global_colors_info=&#8221;{}&#8221;][et_pb_column type=&#8221;1_2&#8243; _builder_version=&#8221;4.16&#8243; custom_padding=&#8221;|||&#8221; global_colors_info=&#8221;{}&#8221; custom_padding__hover=&#8221;|||&#8221;][et_pb_text _builder_version=&#8221;4.27.6&#8243; text_font=&#8221;||||||||&#8221; text_font_size=&#8221;16px&#8221; header_font=&#8221;||||||||&#8221; header_line_height=&#8221;1.3em&#8221; header_4_font=&#8221;|700||on|||||&#8221; header_4_text_color=&#8221;#ffdaa4&#8243; header_4_font_size=&#8221;16px&#8221; header_4_letter_spacing=&#8221;2px&#8221; header_4_line_height=&#8221;2em&#8221; max_width=&#8221;600px&#8221; custom_padding=&#8221;20px||0px||false|false&#8221; hover_enabled=&#8221;0&#8243; text_font_size_tablet=&#8221;&#8221; text_font_size_phone=&#8221;14px&#8221; text_font_size_last_edited=&#8221;on|phone&#8221; text_line_height_tablet=&#8221;&#8221; text_line_height_phone=&#8221;1.6em&#8221; text_line_height_last_edited=&#8221;on|phone&#8221; header_font_size_tablet=&#8221;50px&#8221; header_font_size_phone=&#8221;20px&#8221; header_font_size_last_edited=&#8221;on|desktop&#8221; global_colors_info=&#8221;{}&#8221; sticky_enabled=&#8221;0&#8243;]<h1><strong><span lang=\"ES\">Tendencias laborales 2026: los cursos m\u00e1s demandados en Colombia<\/span><\/strong><\/h1>\n<h1><strong><\/strong><!--4--><\/h1>\n<p><span><span style=\"font-weight: 400;\">El mercado laboral est\u00e1 cambiando con rapidez. La transformaci\u00f3n digital, la automatizaci\u00f3n de procesos, los cambios en la econom\u00eda y las nuevas necesidades sociales han generado una evoluci\u00f3n en las habilidades que las empresas buscan en los trabajadores.<\/span><\/span><\/p>\n<div><\/div>[\/et_pb_text][\/et_pb_column][et_pb_column type=&#8221;1_2&#8243; _builder_version=&#8221;4.19.5&#8243; _module_preset=&#8221;default&#8221; global_colors_info=&#8221;{}&#8221;][et_pb_divider show_divider=&#8221;off&#8221; _builder_version=&#8221;4.20.2&#8243; _module_preset=&#8221;default&#8221; min_height=&#8221;20.8px&#8221; custom_margin_tablet=&#8221;||-204px||false|false&#8221; custom_margin_phone=&#8221;||-204px||false|false&#8221; custom_margin_last_edited=&#8221;on|desktop&#8221; custom_padding=&#8221;||181px|||&#8221; custom_padding_tablet=&#8221;||177px|||&#8221; custom_padding_phone=&#8221;||177px|||&#8221; custom_padding_last_edited=&#8221;on|tablet&#8221; global_colors_info=&#8221;{}&#8221;][\/et_pb_divider][\/et_pb_column][\/et_pb_row][\/et_pb_section][et_pb_section fb_built=&#8221;1&#8243; _builder_version=&#8221;4.27.4&#8243; _module_preset=&#8221;default&#8221; custom_margin=&#8221;-103px||||false|false&#8221; da_disable_devices=&#8221;off|off|off&#8221; global_colors_info=&#8221;{}&#8221; da_is_popup=&#8221;off&#8221; da_exit_intent=&#8221;off&#8221; da_has_close=&#8221;on&#8221; da_alt_close=&#8221;off&#8221; da_dark_close=&#8221;off&#8221; da_not_modal=&#8221;on&#8221; da_is_singular=&#8221;off&#8221; da_with_loader=&#8221;off&#8221; da_has_shadow=&#8221;on&#8221;][et_pb_row custom_padding_last_edited=&#8221;on|tablet&#8221; _builder_version=&#8221;4.27.4&#8243; max_width=&#8221;1280px&#8221; custom_margin=&#8221;-34px||||false|false&#8221; custom_margin_tablet=&#8221;||0px||false|false&#8221; custom_margin_phone=&#8221;&#8221; custom_margin_last_edited=&#8221;on|tablet&#8221; custom_padding_tablet=&#8221;100px||0px||false|false&#8221; custom_padding_phone=&#8221;&#8221; use_custom_width=&#8221;on&#8221; custom_width_px=&#8221;1280px&#8221; global_colors_info=&#8221;{}&#8221;][et_pb_column type=&#8221;4_4&#8243; _builder_version=&#8221;4.16&#8243; custom_padding=&#8221;|||&#8221; global_colors_info=&#8221;{}&#8221; custom_padding__hover=&#8221;|||&#8221;][et_pb_text _builder_version=&#8221;4.27.6&#8243; _module_preset=&#8221;default&#8221; text_font_size=&#8221;16px&#8221; hover_enabled=&#8221;0&#8243; global_colors_info=&#8221;{}&#8221; sticky_enabled=&#8221;0&#8243;]<p><span style=\"font-weight: 400;\">En este contexto, la formaci\u00f3n continua se ha convertido en una herramienta clave para mejorar la empleabilidad y mantenerse competitivo. Cada vez m\u00e1s personas buscan cursos cortos, t\u00e9cnicos y especializados que les permitan adquirir habilidades pr\u00e1cticas y responder a las demandas actuales del mercado.<\/span><\/p>\n<p><span style=\"font-weight: 400;\">Instituciones como la Cruz Roja Colombiana Seccional Antioquia ofrecen programas de formaci\u00f3n orientados a estas necesidades, combinando conocimientos t\u00e9cnicos con habilidades aplicables en el entorno laboral. M\u00e1s informaci\u00f3n sobre su oferta educativa se encuentra en la l\u00ednea de<\/span><a href=\"https:\/\/educacion.crantioquia.org.co\/\"> <span style=\"font-weight: 400;\">Educaci\u00f3n<\/span><\/a><span style=\"font-weight: 400;\">.<\/span><\/p>[\/et_pb_text][\/et_pb_column][\/et_pb_row][et_pb_row column_structure=&#8221;1_2,1_2&#8243; custom_padding_last_edited=&#8221;on|tablet&#8221; _builder_version=&#8221;4.27.4&#8243; max_width=&#8221;1280px&#8221; custom_margin=&#8221;0px||||false|false&#8221; custom_margin_tablet=&#8221;||0px||false|false&#8221; custom_margin_phone=&#8221;&#8221; custom_margin_last_edited=&#8221;on|tablet&#8221; custom_padding_tablet=&#8221;100px||0px||false|false&#8221; custom_padding_phone=&#8221;&#8221; use_custom_width=&#8221;on&#8221; custom_width_px=&#8221;1280px&#8221; global_colors_info=&#8221;{}&#8221;][et_pb_column type=&#8221;1_2&#8243; _builder_version=&#8221;4.16&#8243; custom_padding=&#8221;|||&#8221; global_colors_info=&#8221;{}&#8221; custom_padding__hover=&#8221;|||&#8221;][et_pb_text _builder_version=&#8221;4.27.6&#8243; _module_preset=&#8221;default&#8221; text_text_color=&#8221;gcid-fc5b914a-43a0-4a5e-9095-babc9c7de44f&#8221; text_font_size=&#8221;20px&#8221; header_text_color=&#8221;gcid-fc5b914a-43a0-4a5e-9095-babc9c7de44f&#8221; hover_enabled=&#8221;0&#8243; global_colors_info=&#8221;{%22gcid-fc5b914a-43a0-4a5e-9095-babc9c7de44f%22:%91%22header_text_color%22,%22text_text_color%22%93}&#8221; sticky_enabled=&#8221;0&#8243;]<p><strong>La formaci\u00f3n continua como ventaja competitiva<\/strong><\/p>[\/et_pb_text][et_pb_text _builder_version=&#8221;4.27.6&#8243; _module_preset=&#8221;default&#8221; text_font_size=&#8221;16px&#8221; hover_enabled=&#8221;0&#8243; global_colors_info=&#8221;{}&#8221; sticky_enabled=&#8221;0&#8243;]<p><span style=\"font-weight: 400;\">En el pasado, completar una carrera profesional era considerado suficiente para toda la vida laboral. Hoy, ese modelo ha cambiado. Las empresas valoran cada vez m\u00e1s a los profesionales que se actualizan constantemente y desarrollan nuevas competencias.<\/span><\/p>\n<p><span style=\"font-weight: 400;\">La formaci\u00f3n continua permite adaptarse a los cambios tecnol\u00f3gicos, ampliar oportunidades laborales y mejorar la capacidad de respuesta frente a los retos del mercado.<\/span><\/p>\n<p><span style=\"font-weight: 400;\">Los cursos t\u00e9cnicos, diplomados y programas de formaci\u00f3n especializada han ganado protagonismo porque ofrecen resultados concretos en menor tiempo y con una orientaci\u00f3n pr\u00e1ctica.<\/span><\/p>[\/et_pb_text][\/et_pb_column][et_pb_column type=&#8221;1_2&#8243; _builder_version=&#8221;4.16&#8243; custom_padding=&#8221;|||&#8221; global_colors_info=&#8221;{}&#8221; custom_padding__hover=&#8221;|||&#8221;][et_pb_image src=&#8221;http:\/\/educacion.crantioquia.org.co\/wp-content\/uploads\/2026\/04\/blog-Tendencias-laborales-2026-los-cursos-mas-demandados-en-Colombia-2.jpg&#8221; title_text=&#8221;blog-Tendencias-laborales-2026&#8211;los-cursos-m\u00e1s-demandados-en-Colombia&#8221; _builder_version=&#8221;4.27.6&#8243; _module_preset=&#8221;default&#8221; custom_margin=&#8221;30px||||false|false&#8221; hover_enabled=&#8221;0&#8243; border_radii=&#8221;on|50px|50px|50px|50px&#8221; global_colors_info=&#8221;{}&#8221; width=&#8221;57%&#8221; align=&#8221;center&#8221; sticky_enabled=&#8221;0&#8243;][\/et_pb_image][\/et_pb_column][\/et_pb_row][et_pb_row column_structure=&#8221;1_2,1_2&#8243; custom_padding_last_edited=&#8221;on|tablet&#8221; _builder_version=&#8221;4.27.4&#8243; max_width=&#8221;1280px&#8221; custom_margin=&#8221;0px||||false|false&#8221; custom_margin_tablet=&#8221;||0px||false|false&#8221; custom_margin_phone=&#8221;&#8221; custom_margin_last_edited=&#8221;on|tablet&#8221; custom_padding=&#8221;2px|||||&#8221; custom_padding_tablet=&#8221;100px||0px||false|false&#8221; custom_padding_phone=&#8221;&#8221; use_custom_width=&#8221;on&#8221; custom_width_px=&#8221;1280px&#8221; global_colors_info=&#8221;{}&#8221;][et_pb_column type=&#8221;1_2&#8243; _builder_version=&#8221;4.16&#8243; custom_padding=&#8221;|||&#8221; global_colors_info=&#8221;{}&#8221; custom_padding__hover=&#8221;|||&#8221;][et_pb_toggle title=&#8221;1. Seguridad y salud en el trabajo: una demanda creciente&#8221; open_toggle_text_color=&#8221;gcid-9edce254-2973-47a3-bf38-2f5b65e5e909&#8243; open_toggle_background_color=&#8221;RGBA(255,255,255,0)&#8221; closed_toggle_text_color=&#8221;gcid-fc5b914a-43a0-4a5e-9095-babc9c7de44f&#8221; closed_toggle_background_color=&#8221;RGBA(255,255,255,0)&#8221; toggle_icon=&#8221;&#xe048;||divi||400&#8243; use_icon_font_size=&#8221;on&#8221; icon_font_size=&#8221;30px&#8221; open_toggle_icon=&#8221;&#xe047;||divi||400&#8243; open_use_icon_font_size=&#8221;on&#8221; open_icon_font_size=&#8221;30px&#8221; _builder_version=&#8221;4.27.6&#8243; _module_preset=&#8221;default&#8221; title_text_color=&#8221;gcid-9edce254-2973-47a3-bf38-2f5b65e5e909&#8243; title_font=&#8221;|700|||||||&#8221; title_font_size=&#8221;20px&#8221; body_font_size=&#8221;16px&#8221; text_orientation=&#8221;left&#8221; hover_enabled=&#8221;0&#8243; border_width_all=&#8221;0px&#8221; global_colors_info=&#8221;{%22gcid-fc5b914a-43a0-4a5e-9095-babc9c7de44f%22:%91%22closed_toggle_text_color%22%93,%22gcid-9edce254-2973-47a3-bf38-2f5b65e5e909%22:%91%22open_toggle_text_color%22,%22title_text_color%22%93}&#8221; sticky_enabled=&#8221;0&#8243;]<p><span style=\"font-weight: 400;\">Uno de los campos que seguir\u00e1 creciendo en los pr\u00f3ximos a\u00f1os es el de la Seguridad y Salud en el Trabajo (SST).<\/span><\/p>\n<p><span style=\"font-weight: 400;\">Las empresas est\u00e1n cada vez m\u00e1s comprometidas con la prevenci\u00f3n de riesgos laborales y el cumplimiento de la normativa vigente. Esto ha generado una mayor demanda de profesionales y t\u00e9cnicos capacitados en \u00e1reas como:<\/span><\/p>\n<ul>\n<li style=\"font-weight: 400;\" aria-level=\"1\"><span style=\"font-weight: 400;\">gesti\u00f3n del riesgo<\/span><span style=\"font-weight: 400;\"><\/span><\/li>\n<li style=\"font-weight: 400;\" aria-level=\"1\"><span style=\"font-weight: 400;\">brigadas de emergencia<\/span><span style=\"font-weight: 400;\"><\/span><\/li>\n<li style=\"font-weight: 400;\" aria-level=\"1\"><span style=\"font-weight: 400;\">primeros auxilios<\/span><span style=\"font-weight: 400;\"><\/span><\/li>\n<li style=\"font-weight: 400;\" aria-level=\"1\"><span style=\"font-weight: 400;\">planes de evacuaci\u00f3n<\/span><span style=\"font-weight: 400;\"><\/span><\/li>\n<li style=\"font-weight: 400;\" aria-level=\"1\"><span style=\"font-weight: 400;\">prevenci\u00f3n de accidentes laborales<\/span><span style=\"font-weight: 400;\"><\/span><\/li>\n<\/ul>\n<p><span style=\"font-weight: 400;\">La formaci\u00f3n en estos temas no solo es relevante para especialistas en SST, sino tambi\u00e9n para trabajadores que participan en brigadas empresariales o comit\u00e9s de seguridad.<\/span><\/p>[\/et_pb_toggle][et_pb_toggle title=&#8221;2. Formaci\u00f3n en atenci\u00f3n de emergencias y primeros auxilios&#8221; open_toggle_text_color=&#8221;gcid-9edce254-2973-47a3-bf38-2f5b65e5e909&#8243; open_toggle_background_color=&#8221;RGBA(255,255,255,0)&#8221; closed_toggle_text_color=&#8221;gcid-fc5b914a-43a0-4a5e-9095-babc9c7de44f&#8221; closed_toggle_background_color=&#8221;RGBA(255,255,255,0)&#8221; toggle_icon=&#8221;&#xe048;||divi||400&#8243; use_icon_font_size=&#8221;on&#8221; icon_font_size=&#8221;30px&#8221; open_toggle_icon=&#8221;&#xe047;||divi||400&#8243; open_use_icon_font_size=&#8221;on&#8221; open_icon_font_size=&#8221;30px&#8221; _builder_version=&#8221;4.27.6&#8243; _module_preset=&#8221;default&#8221; title_text_color=&#8221;gcid-9edce254-2973-47a3-bf38-2f5b65e5e909&#8243; title_font=&#8221;|700|||||||&#8221; title_font_size=&#8221;20px&#8221; body_font_size=&#8221;16px&#8221; text_orientation=&#8221;left&#8221; hover_enabled=&#8221;0&#8243; border_width_all=&#8221;0px&#8221; global_colors_info=&#8221;{%22gcid-fc5b914a-43a0-4a5e-9095-babc9c7de44f%22:%91%22closed_toggle_text_color%22%93,%22gcid-9edce254-2973-47a3-bf38-2f5b65e5e909%22:%91%22open_toggle_text_color%22,%22title_text_color%22%93}&#8221; sticky_enabled=&#8221;0&#8243;]<p><span style=\"font-weight: 400;\">Otra de las \u00e1reas con alta demanda es la formaci\u00f3n en atenci\u00f3n de emergencias.<\/span><\/p>\n<p><span style=\"font-weight: 400;\">En diferentes sectores productivos se requiere personal que tenga conocimientos b\u00e1sicos para actuar ante situaciones cr\u00edticas, como accidentes laborales, emergencias m\u00e9dicas o desastres naturales.<\/span><\/p>\n<p><span style=\"font-weight: 400;\">Los cursos en primeros auxilios, reanimaci\u00f3n cardiopulmonar (RCP) y manejo inicial de emergencias permiten que las organizaciones respondan con mayor rapidez ante incidentes.<\/span><\/p>\n<p><span style=\"font-weight: 400;\">Adem\u00e1s, estas habilidades tambi\u00e9n son \u00fatiles en la vida cotidiana, lo que aumenta su valor para las personas que buscan formaci\u00f3n pr\u00e1ctica.<\/span><\/p>\n<p><span style=\"font-weight: 400;\"><br style=\"font-weight: 400;\" \/><br style=\"font-weight: 400;\" \/><\/span><span style=\"font-weight: 400;\"><\/span><\/p>[\/et_pb_toggle][\/et_pb_column][et_pb_column type=&#8221;1_2&#8243; _builder_version=&#8221;4.16&#8243; custom_padding=&#8221;|||&#8221; global_colors_info=&#8221;{}&#8221; custom_padding__hover=&#8221;|||&#8221;][et_pb_toggle title=&#8221;3. Gesti\u00f3n del riesgo y preparaci\u00f3n ante desastres&#8221; open_toggle_text_color=&#8221;gcid-9edce254-2973-47a3-bf38-2f5b65e5e909&#8243; open_toggle_background_color=&#8221;RGBA(255,255,255,0)&#8221; closed_toggle_text_color=&#8221;gcid-fc5b914a-43a0-4a5e-9095-babc9c7de44f&#8221; closed_toggle_background_color=&#8221;RGBA(255,255,255,0)&#8221; toggle_icon=&#8221;&#xe048;||divi||400&#8243; use_icon_font_size=&#8221;on&#8221; icon_font_size=&#8221;30px&#8221; open_toggle_icon=&#8221;&#xe047;||divi||400&#8243; open_use_icon_font_size=&#8221;on&#8221; open_icon_font_size=&#8221;30px&#8221; _builder_version=&#8221;4.27.6&#8243; _module_preset=&#8221;default&#8221; title_text_color=&#8221;gcid-9edce254-2973-47a3-bf38-2f5b65e5e909&#8243; title_font=&#8221;|700|||||||&#8221; title_font_size=&#8221;20px&#8221; body_font_size=&#8221;16px&#8221; text_orientation=&#8221;left&#8221; hover_enabled=&#8221;0&#8243; border_width_all=&#8221;0px&#8221; global_colors_info=&#8221;{%22gcid-fc5b914a-43a0-4a5e-9095-babc9c7de44f%22:%91%22closed_toggle_text_color%22%93,%22gcid-9edce254-2973-47a3-bf38-2f5b65e5e909%22:%91%22open_toggle_text_color%22,%22title_text_color%22%93}&#8221; sticky_enabled=&#8221;0&#8243;]<p><span style=\"font-weight: 400;\">La gesti\u00f3n del riesgo se ha convertido en un tema prioritario para empresas, instituciones y comunidades.<\/span><\/p>\n<p><span style=\"font-weight: 400;\">El aumento de eventos clim\u00e1ticos extremos, el crecimiento urbano y la complejidad de las operaciones industriales han generado la necesidad de contar con personal capacitado en prevenci\u00f3n y manejo de emergencias.<\/span><\/p>\n<p><span style=\"font-weight: 400;\">Los cursos relacionados con gesti\u00f3n del riesgo permiten aprender a identificar amenazas, dise\u00f1ar planes de prevenci\u00f3n y fortalecer la capacidad de respuesta ante situaciones cr\u00edticas.<\/span><\/p>\n<p><span style=\"font-weight: 400;\">Esta formaci\u00f3n es especialmente relevante para organizaciones que buscan garantizar la continuidad de sus operaciones.<\/span><\/p>\n<p><span style=\"font-weight: 400;\"><br style=\"font-weight: 400;\" \/><br style=\"font-weight: 400;\" \/><\/span><\/p>\n<p><span style=\"font-weight: 400;\"><br style=\"font-weight: 400;\" \/><br style=\"font-weight: 400;\" \/><\/span><span style=\"font-weight: 400;\"><\/span><\/p>[\/et_pb_toggle][et_pb_toggle title=&#8221;4. Habilidades humanas: el complemento indispensable&#8221; open_toggle_text_color=&#8221;gcid-9edce254-2973-47a3-bf38-2f5b65e5e909&#8243; open_toggle_background_color=&#8221;RGBA(255,255,255,0)&#8221; closed_toggle_text_color=&#8221;gcid-fc5b914a-43a0-4a5e-9095-babc9c7de44f&#8221; closed_toggle_background_color=&#8221;RGBA(255,255,255,0)&#8221; toggle_icon=&#8221;&#xe048;||divi||400&#8243; use_icon_font_size=&#8221;on&#8221; icon_font_size=&#8221;30px&#8221; open_toggle_icon=&#8221;&#xe047;||divi||400&#8243; open_use_icon_font_size=&#8221;on&#8221; open_icon_font_size=&#8221;30px&#8221; _builder_version=&#8221;4.27.6&#8243; _module_preset=&#8221;default&#8221; title_text_color=&#8221;gcid-9edce254-2973-47a3-bf38-2f5b65e5e909&#8243; title_font=&#8221;|700|||||||&#8221; title_font_size=&#8221;20px&#8221; body_font_size=&#8221;16px&#8221; text_orientation=&#8221;left&#8221; hover_enabled=&#8221;0&#8243; border_width_all=&#8221;0px&#8221; global_colors_info=&#8221;{%22gcid-fc5b914a-43a0-4a5e-9095-babc9c7de44f%22:%91%22closed_toggle_text_color%22%93,%22gcid-9edce254-2973-47a3-bf38-2f5b65e5e909%22:%91%22open_toggle_text_color%22,%22title_text_color%22%93}&#8221; sticky_enabled=&#8221;0&#8243;]<p><span style=\"font-weight: 400;\">Aunque las habilidades t\u00e9cnicas siguen siendo fundamentales, las empresas tambi\u00e9n valoran cada vez m\u00e1s las llamadas habilidades blandas.<\/span><\/p>\n<p><span style=\"font-weight: 400;\">Entre las competencias m\u00e1s demandadas se encuentran:<\/span><\/p>\n<ul>\n<li style=\"font-weight: 400;\" aria-level=\"1\"><span style=\"font-weight: 400;\">trabajo en equipo<\/span><span style=\"font-weight: 400;\"><br \/><\/span><\/li>\n<li style=\"font-weight: 400;\" aria-level=\"1\"><span style=\"font-weight: 400;\">comunicaci\u00f3n efectiva<\/span><span style=\"font-weight: 400;\"><br \/><\/span><\/li>\n<li style=\"font-weight: 400;\" aria-level=\"1\"><span style=\"font-weight: 400;\">Liderazgo<\/span><\/li>\n<li style=\"font-weight: 400;\" aria-level=\"1\"><span style=\"font-weight: 400;\">Manejo de emociones\u00a0<\/span><\/li>\n<li style=\"font-weight: 400;\" aria-level=\"1\"><span style=\"font-weight: 400;\">toma de decisiones bajo presi\u00f3n<\/span><span style=\"font-weight: 400;\"><br \/><\/span><\/li>\n<li style=\"font-weight: 400;\" aria-level=\"1\"><span style=\"font-weight: 400;\">manejo del estr\u00e9s en situaciones cr\u00edticas<\/span><span style=\"font-weight: 400;\">\n<p><\/span><\/li>\n<\/ul>\n<p><span style=\"font-weight: 400;\">Estas habilidades permiten mejorar el desempe\u00f1o laboral y fortalecer la capacidad de adaptaci\u00f3n en entornos din\u00e1micos.<\/span><\/p>\n<p><span style=\"font-weight: 400;\"><br style=\"font-weight: 400;\" \/><br style=\"font-weight: 400;\" \/><\/span><span style=\"font-weight: 400;\"><\/span><\/p>[\/et_pb_toggle][\/et_pb_column][\/et_pb_row][et_pb_row column_structure=&#8221;1_2,1_2&#8243; custom_padding_last_edited=&#8221;on|tablet&#8221; _builder_version=&#8221;4.27.4&#8243; max_width=&#8221;1280px&#8221; custom_margin=&#8221;0px||||false|false&#8221; custom_margin_tablet=&#8221;||0px||false|false&#8221; custom_margin_phone=&#8221;&#8221; custom_margin_last_edited=&#8221;on|tablet&#8221; custom_padding_tablet=&#8221;100px||0px||false|false&#8221; custom_padding_phone=&#8221;&#8221; use_custom_width=&#8221;on&#8221; custom_width_px=&#8221;1280px&#8221; global_colors_info=&#8221;{}&#8221;][et_pb_column type=&#8221;1_2&#8243; _builder_version=&#8221;4.16&#8243; custom_padding=&#8221;|||&#8221; global_colors_info=&#8221;{}&#8221; custom_padding__hover=&#8221;|||&#8221;][et_pb_text _builder_version=&#8221;4.27.6&#8243; _module_preset=&#8221;default&#8221; text_text_color=&#8221;gcid-fc5b914a-43a0-4a5e-9095-babc9c7de44f&#8221; text_font_size=&#8221;20px&#8221; header_text_color=&#8221;gcid-fc5b914a-43a0-4a5e-9095-babc9c7de44f&#8221; hover_enabled=&#8221;0&#8243; global_colors_info=&#8221;{%22gcid-fc5b914a-43a0-4a5e-9095-babc9c7de44f%22:%91%22header_text_color%22,%22text_text_color%22%93}&#8221; sticky_enabled=&#8221;0&#8243;]<p><strong>Educaci\u00f3n para el trabajo y el desarrollo humano<\/strong><\/p>[\/et_pb_text][et_pb_text _builder_version=&#8221;4.27.6&#8243; _module_preset=&#8221;default&#8221; text_font_size=&#8221;16px&#8221; hover_enabled=&#8221;0&#8243; global_colors_info=&#8221;{}&#8221; sticky_enabled=&#8221;0&#8243;]<p><span style=\"font-weight: 400;\">La educaci\u00f3n orientada al trabajo se ha consolidado como una alternativa efectiva para adquirir habilidades espec\u00edficas en menos tiempo que los programas acad\u00e9micos tradicionales.<\/span><\/p>\n<p><span style=\"font-weight: 400;\">Los programas de Educaci\u00f3n para el Trabajo y el Desarrollo Humano est\u00e1n dise\u00f1ados para responder a las necesidades reales del mercado laboral, ofreciendo formaci\u00f3n t\u00e9cnica y pr\u00e1ctica.<\/span><\/p>\n<p><span style=\"font-weight: 400;\">En este modelo educativo, los estudiantes desarrollan competencias directamente aplicables en el entorno laboral, lo que facilita su inserci\u00f3n o crecimiento profesional.<\/span><\/p>\n<p><span style=\"font-weight: 400;\">La Cruz Roja Colombiana Seccional Antioquia, a trav\u00e9s de su l\u00ednea educativa, ofrece diferentes programas que buscan fortalecer estas competencias y preparar a las personas para los desaf\u00edos actuales del mercado laboral.<\/span><\/p>\n<p><span style=\"font-weight: 400;\">La oferta completa puede consultarse en la p\u00e1gina del<a href=\"https:\/\/educacion.crantioquia.org.co\/\"> Instituto de educaci\u00f3n de la Cruz Roja Antioquia<\/a><\/span><span style=\"font-weight: 400;\"><\/span><\/p>[\/et_pb_text][\/et_pb_column][et_pb_column type=&#8221;1_2&#8243; _builder_version=&#8221;4.16&#8243; custom_padding=&#8221;|||&#8221; global_colors_info=&#8221;{}&#8221; custom_padding__hover=&#8221;|||&#8221;][et_pb_image src=&#8221;http:\/\/educacion.crantioquia.org.co\/wp-content\/uploads\/2026\/04\/blog-Tendencias-laborales-2026-los-cursos-mas-demandados-en-Colombia.jpg&#8221; title_text=&#8221;_-blog-Tendencias-laborales-2026&#8211;los-cursos-m\u00e1s-demandados-en-Colombia&#8221; _builder_version=&#8221;4.27.6&#8243; _module_preset=&#8221;default&#8221; custom_margin=&#8221;30px||||false|false&#8221; hover_enabled=&#8221;0&#8243; border_radii=&#8221;on|50px|50px|50px|50px&#8221; global_colors_info=&#8221;{}&#8221; width=&#8221;77%&#8221; align=&#8221;center&#8221; sticky_enabled=&#8221;0&#8243;][\/et_pb_image][\/et_pb_column][\/et_pb_row][et_pb_row custom_padding_last_edited=&#8221;on|tablet&#8221; _builder_version=&#8221;4.27.4&#8243; max_width=&#8221;1280px&#8221; custom_margin=&#8221;0px||||false|false&#8221; custom_margin_tablet=&#8221;||0px||false|false&#8221; custom_margin_phone=&#8221;&#8221; custom_margin_last_edited=&#8221;on|tablet&#8221; custom_padding_tablet=&#8221;100px||0px||false|false&#8221; custom_padding_phone=&#8221;&#8221; use_custom_width=&#8221;on&#8221; custom_width_px=&#8221;1280px&#8221; global_colors_info=&#8221;{}&#8221;][et_pb_column type=&#8221;4_4&#8243; _builder_version=&#8221;4.16&#8243; custom_padding=&#8221;|||&#8221; global_colors_info=&#8221;{}&#8221; custom_padding__hover=&#8221;|||&#8221;][et_pb_text _builder_version=&#8221;4.27.6&#8243; _module_preset=&#8221;default&#8221; text_text_color=&#8221;gcid-fc5b914a-43a0-4a5e-9095-babc9c7de44f&#8221; text_font_size=&#8221;20px&#8221; header_text_color=&#8221;gcid-fc5b914a-43a0-4a5e-9095-babc9c7de44f&#8221; hover_enabled=&#8221;0&#8243; global_colors_info=&#8221;{%22gcid-fc5b914a-43a0-4a5e-9095-babc9c7de44f%22:%91%22header_text_color%22,%22text_text_color%22%93}&#8221; sticky_enabled=&#8221;0&#8243;]<p><strong>El Giro Pragm\u00e1tico: Por qu\u00e9 la Formaci\u00f3n T\u00e9cnica est\u00e1 Desplazando al T\u00edtulo Profesional<\/strong><\/p>[\/et_pb_text][et_pb_text _builder_version=&#8221;4.27.6&#8243; _module_preset=&#8221;default&#8221; text_font_size=&#8221;16px&#8221; hover_enabled=&#8221;0&#8243; global_colors_info=&#8221;{}&#8221; sticky_enabled=&#8221;0&#8243;]<p><span style=\"font-weight: 400;\">Durante d\u00e9cadas, el t\u00edtulo universitario fue el &#8220;pasaporte de oro&#8221; hacia la clase media y la estabilidad econ\u00f3mica. Sin embargo, estamos presenciando un cambio de guardia. Los j\u00f3venes de hoy \u2014nativos digitales, pragm\u00e1ticos y fiscalmente conscientes\u2014 est\u00e1n rechazando la rigidez de la academia tradicional en favor de la <\/span><b>agilidad de la educaci\u00f3n t\u00e9cnica.<\/b><span style=\"font-weight: 400;\"> Este fen\u00f3meno no es una falta de ambici\u00f3n; es, de hecho, una <\/span><b>estrategia de supervivencia y \u00e9xito<\/b><span style=\"font-weight: 400;\"> basada en cuatro pilares fundamentales:<\/span><\/p>\n<p><span style=\"font-weight: 400;\"><a href=\"https:\/\/educacion.crantioquia.org.co\/\"><\/a><\/span><span style=\"font-weight: 400;\"><\/span><\/p>[\/et_pb_text][\/et_pb_column][\/et_pb_row][et_pb_row column_structure=&#8221;1_2,1_2&#8243; custom_padding_last_edited=&#8221;on|tablet&#8221; _builder_version=&#8221;4.27.4&#8243; max_width=&#8221;1280px&#8221; custom_margin=&#8221;0px||||false|false&#8221; custom_margin_tablet=&#8221;||0px||false|false&#8221; custom_margin_phone=&#8221;&#8221; custom_margin_last_edited=&#8221;on|tablet&#8221; custom_padding=&#8221;2px|||||&#8221; custom_padding_tablet=&#8221;100px||0px||false|false&#8221; custom_padding_phone=&#8221;&#8221; use_custom_width=&#8221;on&#8221; custom_width_px=&#8221;1280px&#8221; global_colors_info=&#8221;{}&#8221;][et_pb_column type=&#8221;1_2&#8243; _builder_version=&#8221;4.16&#8243; custom_padding=&#8221;|||&#8221; global_colors_info=&#8221;{}&#8221; custom_padding__hover=&#8221;|||&#8221;][et_pb_toggle title=&#8221;1. La Devaluaci\u00f3n del T\u00edtulo y la Inflaci\u00f3n Acad\u00e9mica&#8221; open_toggle_text_color=&#8221;gcid-9edce254-2973-47a3-bf38-2f5b65e5e909&#8243; open_toggle_background_color=&#8221;RGBA(255,255,255,0)&#8221; closed_toggle_text_color=&#8221;gcid-fc5b914a-43a0-4a5e-9095-babc9c7de44f&#8221; closed_toggle_background_color=&#8221;RGBA(255,255,255,0)&#8221; toggle_icon=&#8221;&#xe048;||divi||400&#8243; use_icon_font_size=&#8221;on&#8221; icon_font_size=&#8221;30px&#8221; open_toggle_icon=&#8221;&#xe047;||divi||400&#8243; open_use_icon_font_size=&#8221;on&#8221; open_icon_font_size=&#8221;30px&#8221; _builder_version=&#8221;4.27.6&#8243; _module_preset=&#8221;default&#8221; title_text_color=&#8221;gcid-9edce254-2973-47a3-bf38-2f5b65e5e909&#8243; title_font=&#8221;|700|||||||&#8221; title_font_size=&#8221;16px&#8221; body_font_size=&#8221;16px&#8221; text_orientation=&#8221;left&#8221; hover_enabled=&#8221;0&#8243; border_width_all=&#8221;0px&#8221; global_colors_info=&#8221;{%22gcid-fc5b914a-43a0-4a5e-9095-babc9c7de44f%22:%91%22closed_toggle_text_color%22%93,%22gcid-9edce254-2973-47a3-bf38-2f5b65e5e909%22:%91%22open_toggle_text_color%22,%22title_text_color%22%93}&#8221; sticky_enabled=&#8221;0&#8243;]<p><span style=\"font-weight: 400;\">El mercado laboral sufre de una paradoja: hay un exceso de profesionales en \u00e1reas administrativas y sociales, lo que ha desplomado los salarios de entrada. Muchos j\u00f3venes ven con escepticismo invertir cinco a\u00f1os y una peque\u00f1a fortuna en una carrera que no garantiza un retorno de inversi\u00f3n. Para ellos, el programa t\u00e9cnico ofrece una <\/span><b>ruta de salida r\u00e1pida<\/b><span style=\"font-weight: 400;\"> hacia la independencia financiera.<\/span><span style=\"font-weight: 400;\"><\/span><span style=\"font-weight: 400;\"><\/span><\/p>[\/et_pb_toggle][et_pb_toggle title=&#8221;2. La Econom\u00eda de las Habilidades&#8221; open_toggle_text_color=&#8221;gcid-9edce254-2973-47a3-bf38-2f5b65e5e909&#8243; open_toggle_background_color=&#8221;RGBA(255,255,255,0)&#8221; closed_toggle_text_color=&#8221;gcid-fc5b914a-43a0-4a5e-9095-babc9c7de44f&#8221; closed_toggle_background_color=&#8221;RGBA(255,255,255,0)&#8221; toggle_icon=&#8221;&#xe048;||divi||400&#8243; use_icon_font_size=&#8221;on&#8221; icon_font_size=&#8221;30px&#8221; open_toggle_icon=&#8221;&#xe047;||divi||400&#8243; open_use_icon_font_size=&#8221;on&#8221; open_icon_font_size=&#8221;30px&#8221; _builder_version=&#8221;4.27.6&#8243; _module_preset=&#8221;default&#8221; title_text_color=&#8221;gcid-9edce254-2973-47a3-bf38-2f5b65e5e909&#8243; title_font=&#8221;|700|||||||&#8221; title_font_size=&#8221;16px&#8221; body_font_size=&#8221;16px&#8221; text_orientation=&#8221;left&#8221; hover_enabled=&#8221;0&#8243; border_width_all=&#8221;0px&#8221; global_colors_info=&#8221;{%22gcid-fc5b914a-43a0-4a5e-9095-babc9c7de44f%22:%91%22closed_toggle_text_color%22%93,%22gcid-9edce254-2973-47a3-bf38-2f5b65e5e909%22:%91%22open_toggle_text_color%22,%22title_text_color%22%93}&#8221; sticky_enabled=&#8221;0&#8243;]<p><span style=\"font-weight: 400;\">En la era de la Cuarta Revoluci\u00f3n Industrial, las empresas han dejado de contratar por &#8220;cartones&#8221; para contratar por <b>competencias<\/b>.<\/span><span style=\"font-weight: 400;\"><\/span><span style=\"font-weight: 400;\"><\/span><\/p>[\/et_pb_toggle][\/et_pb_column][et_pb_column _builder_version=&#8221;4.27.6&#8243; _module_preset=&#8221;default&#8221; type=&#8221;1_2&#8243;][et_pb_toggle title=&#8221;3. Flexibilidad y Aprendizaje&#8221; open_toggle_text_color=&#8221;gcid-9edce254-2973-47a3-bf38-2f5b65e5e909&#8243; open_toggle_background_color=&#8221;RGBA(255,255,255,0)&#8221; closed_toggle_text_color=&#8221;gcid-fc5b914a-43a0-4a5e-9095-babc9c7de44f&#8221; closed_toggle_background_color=&#8221;RGBA(255,255,255,0)&#8221; toggle_icon=&#8221;&#xe048;||divi||400&#8243; use_icon_font_size=&#8221;on&#8221; icon_font_size=&#8221;30px&#8221; open_toggle_icon=&#8221;&#xe047;||divi||400&#8243; open_use_icon_font_size=&#8221;on&#8221; open_icon_font_size=&#8221;30px&#8221; _builder_version=&#8221;4.27.6&#8243; _module_preset=&#8221;default&#8221; title_text_color=&#8221;gcid-9edce254-2973-47a3-bf38-2f5b65e5e909&#8243; title_font=&#8221;|700|||||||&#8221; title_font_size=&#8221;16px&#8221; body_font_size=&#8221;16px&#8221; text_orientation=&#8221;left&#8221; hover_enabled=&#8221;0&#8243; border_width_all=&#8221;0px&#8221; global_colors_info=&#8221;{%22gcid-fc5b914a-43a0-4a5e-9095-babc9c7de44f%22:%91%22closed_toggle_text_color%22%93,%22gcid-9edce254-2973-47a3-bf38-2f5b65e5e909%22:%91%22open_toggle_text_color%22,%22title_text_color%22%93}&#8221; sticky_enabled=&#8221;0&#8243;]<p><span style=\"font-weight: 400;\">La formaci\u00f3n\u00a0 t\u00e9cnica es <\/span><b>modular<\/b><span style=\"font-weight: 400;\">. Los j\u00f3venes actuales prefieren el modelo de <\/span><i><span style=\"font-weight: 400;\">stacking<\/span><\/i><span style=\"font-weight: 400;\"> (apilamiento): obtienen una certificaci\u00f3n t\u00e9cnica, se insertan en el mundo laboral, detectan una nueva necesidad del mercado y se especializan. Es una educaci\u00f3n l\u00edquida que se adapta a un mundo que cambia m\u00e1s r\u00e1pido de lo que un plan de estudios universitario puede actualizarse.<\/span><span style=\"font-weight: 400;\"><\/span><\/p>[\/et_pb_toggle][et_pb_toggle title=&#8221;4. El Nuevo Estatus de la Especializaci\u00f3n&#8221; open_toggle_text_color=&#8221;gcid-9edce254-2973-47a3-bf38-2f5b65e5e909&#8243; open_toggle_background_color=&#8221;RGBA(255,255,255,0)&#8221; closed_toggle_text_color=&#8221;gcid-fc5b914a-43a0-4a5e-9095-babc9c7de44f&#8221; closed_toggle_background_color=&#8221;RGBA(255,255,255,0)&#8221; toggle_icon=&#8221;&#xe048;||divi||400&#8243; use_icon_font_size=&#8221;on&#8221; icon_font_size=&#8221;30px&#8221; open_toggle_icon=&#8221;&#xe047;||divi||400&#8243; open_use_icon_font_size=&#8221;on&#8221; open_icon_font_size=&#8221;30px&#8221; _builder_version=&#8221;4.27.6&#8243; _module_preset=&#8221;default&#8221; title_text_color=&#8221;gcid-9edce254-2973-47a3-bf38-2f5b65e5e909&#8243; title_font=&#8221;|700|||||||&#8221; title_font_size=&#8221;16px&#8221; body_font_size=&#8221;16px&#8221; text_orientation=&#8221;left&#8221; hover_enabled=&#8221;0&#8243; border_width_all=&#8221;0px&#8221; global_colors_info=&#8221;{%22gcid-fc5b914a-43a0-4a5e-9095-babc9c7de44f%22:%91%22closed_toggle_text_color%22%93,%22gcid-9edce254-2973-47a3-bf38-2f5b65e5e909%22:%91%22open_toggle_text_color%22,%22title_text_color%22%93}&#8221; sticky_enabled=&#8221;0&#8243;]<p><span style=\"font-weight: 400;\">El estigma de que &#8220;lo t\u00e9cnico es para quien no pudo ir a la universidad&#8221; ha muerto. Hoy, un t\u00e9cnico especializado en maquinaria automatizada o en energ\u00edas limpias puede percibir ingresos superiores a los de un profesional de oficina. Existe un renovado respeto por el <\/span><b>maestro del oficio<\/b><span style=\"font-weight: 400;\">, aquel que posee un conocimiento especializado que las m\u00e1quinas a\u00fan no pueden replicar por completo.<\/span><\/p>[\/et_pb_toggle][\/et_pb_column][\/et_pb_row][et_pb_row column_structure=&#8221;1_2,1_2&#8243; custom_padding_last_edited=&#8221;on|tablet&#8221; _builder_version=&#8221;4.27.4&#8243; max_width=&#8221;1280px&#8221; custom_margin=&#8221;0px||||false|false&#8221; custom_margin_tablet=&#8221;||0px||false|false&#8221; custom_margin_phone=&#8221;&#8221; custom_margin_last_edited=&#8221;on|tablet&#8221; custom_padding_tablet=&#8221;100px||0px||false|false&#8221; custom_padding_phone=&#8221;&#8221; use_custom_width=&#8221;on&#8221; custom_width_px=&#8221;1280px&#8221; global_colors_info=&#8221;{}&#8221;][et_pb_column type=&#8221;1_2&#8243; _builder_version=&#8221;4.16&#8243; custom_padding=&#8221;|||&#8221; global_colors_info=&#8221;{}&#8221; custom_padding__hover=&#8221;|||&#8221;][et_pb_text _builder_version=&#8221;4.27.6&#8243; _module_preset=&#8221;default&#8221; text_text_color=&#8221;gcid-fc5b914a-43a0-4a5e-9095-babc9c7de44f&#8221; text_font_size=&#8221;20px&#8221; header_text_color=&#8221;gcid-fc5b914a-43a0-4a5e-9095-babc9c7de44f&#8221; hover_enabled=&#8221;0&#8243; global_colors_info=&#8221;{%22gcid-fc5b914a-43a0-4a5e-9095-babc9c7de44f%22:%91%22header_text_color%22,%22text_text_color%22%93}&#8221; sticky_enabled=&#8221;0&#8243;]<p><strong>\u00a1F\u00f3rmate para el futuro!<\/strong><\/p>[\/et_pb_text][et_pb_text _builder_version=&#8221;4.27.6&#8243; _module_preset=&#8221;default&#8221; text_font_size=&#8221;16px&#8221; hover_enabled=&#8221;0&#8243; global_colors_info=&#8221;{}&#8221; sticky_enabled=&#8221;0&#8243;]<p><span>Marca la diferencia, tomando acciones clave para tu futuro laboral. Desde el Instituto de Cruz Roja Antioquia te invitamos a explorar nuestros programas t\u00e9cnicos laborales y de formacion continua.<\/span><strong data-start=\"526\" data-end=\"564\"><\/strong><\/p>[\/et_pb_text][et_pb_text _builder_version=&#8221;4.27.4&#8243; _module_preset=&#8221;default&#8221; text_text_color=&#8221;gcid-body-color&#8221; text_font_size=&#8221;20px&#8221; header_text_color=&#8221;gcid-fc5b914a-43a0-4a5e-9095-babc9c7de44f&#8221; global_colors_info=&#8221;{%22gcid-fc5b914a-43a0-4a5e-9095-babc9c7de44f%22:%91%22header_text_color%22%93,%22gcid-body-color%22:%91%22text_text_color%22%93}&#8221;]<p><strong>\u00a1Te invitamos a que contin\u00faes atento a nuestras publicaciones en la web!<\/strong><\/p>[\/et_pb_text][et_pb_button button_url=&#8221;#FORMULARIO-SUSCRIPCION-BLOG&#8221; button_text=&#8221;Suscr\u00edbete a nuestro Blog&#8221; button_alignment=&#8221;left&#8221; disabled_on=&#8221;off|off|off&#8221; _builder_version=&#8221;4.27.4&#8243; custom_button=&#8221;on&#8221; button_text_size=&#8221;17px&#8221; button_text_color=&#8221;#FFFFFF&#8221; button_bg_color=&#8221;#DF0209&#8243; button_bg_use_color_gradient=&#8221;on&#8221; button_bg_color_gradient_direction=&#8221;38deg&#8221; button_bg_color_gradient_stops=&#8221;#d38710 0%|#ca4b17 100%&#8221; button_border_width=&#8221;0px&#8221; button_border_radius=&#8221;100px&#8221; button_letter_spacing=&#8221;1px&#8221; button_font=&#8221;|700||on|||||&#8221; custom_padding=&#8221;12px|25px|12px|25px|true|true&#8221; animation_style=&#8221;zoom&#8221; button_text_size_tablet=&#8221;&#8221; button_text_size_phone=&#8221;10px&#8221; button_text_size_last_edited=&#8221;on|phone&#8221; box_shadow_style=&#8221;preset1&#8243; box_shadow_vertical=&#8221;10px&#8221; box_shadow_blur=&#8221;30px&#8221; box_shadow_color=&#8221;rgba(255,77,84,0.24)&#8221; button_letter_spacing_hover=&#8221;1px&#8221; global_colors_info=&#8221;{}&#8221; button_text_size__hover_enabled=&#8221;off&#8221; button_one_text_size__hover_enabled=&#8221;off&#8221; button_two_text_size__hover_enabled=&#8221;off&#8221; button_text_color__hover_enabled=&#8221;off&#8221; button_one_text_color__hover_enabled=&#8221;off&#8221; button_two_text_color__hover_enabled=&#8221;off&#8221; button_border_width__hover_enabled=&#8221;off&#8221; button_one_border_width__hover_enabled=&#8221;off&#8221; button_two_border_width__hover_enabled=&#8221;off&#8221; button_border_color__hover_enabled=&#8221;off&#8221; button_one_border_color__hover_enabled=&#8221;off&#8221; button_two_border_color__hover_enabled=&#8221;off&#8221; button_border_radius__hover_enabled=&#8221;off&#8221; button_one_border_radius__hover_enabled=&#8221;off&#8221; button_two_border_radius__hover_enabled=&#8221;off&#8221; button_letter_spacing__hover_enabled=&#8221;on&#8221; button_letter_spacing__hover=&#8221;1px&#8221; button_one_letter_spacing__hover_enabled=&#8221;off&#8221; button_two_letter_spacing__hover_enabled=&#8221;off&#8221; button_bg_color__hover_enabled=&#8221;off&#8221; button_one_bg_color__hover_enabled=&#8221;off&#8221; button_two_bg_color__hover_enabled=&#8221;off&#8221;][\/et_pb_button][\/et_pb_column][et_pb_column type=&#8221;1_2&#8243; _builder_version=&#8221;4.16&#8243; custom_padding=&#8221;|||&#8221; global_colors_info=&#8221;{}&#8221; custom_padding__hover=&#8221;|||&#8221;][et_pb_image src=&#8221;http:\/\/educacion.crantioquia.org.co\/wp-content\/uploads\/2026\/04\/CRCSA-blog-Tendencias-laborales-2026-los-cursos-mas-demandados-en-Colombia.jpg&#8221; title_text=&#8221;CRCSA-blog-Tendencias-laborales-2026&#8211;los-cursos-m\u00e1s-demandados-en-Colombia&#8221; _builder_version=&#8221;4.27.6&#8243; _module_preset=&#8221;default&#8221; width=&#8221;69%&#8221; module_alignment=&#8221;center&#8221; hover_enabled=&#8221;0&#8243; border_radii=&#8221;on|50px|50px|50px|50px&#8221; global_colors_info=&#8221;{}&#8221; sticky_enabled=&#8221;0&#8243;][\/et_pb_image][\/et_pb_column][\/et_pb_row][\/et_pb_section][et_pb_section fb_built=&#8221;1&#8243; admin_label=&#8221;Popup &#8211; #FORMULARIO-SUSCRIPCION-BLOG&#8221; module_id=&#8221;FORMULARIO-SUSCRIPCION-BLOG&#8221; module_class=&#8221;popup&#8221; _builder_version=&#8221;4.27.4&#8243; _module_preset=&#8221;default&#8221; da_is_popup=&#8221;on&#8221; da_popup_slug=&#8221;FORMULARIO-SUSCRIPCION-BLOG&#8221; da_disable_devices=&#8221;off|off|off&#8221; global_colors_info=&#8221;{}&#8221; da_exit_intent=&#8221;off&#8221; da_has_close=&#8221;on&#8221; da_alt_close=&#8221;off&#8221; da_dark_close=&#8221;off&#8221; da_not_modal=&#8221;on&#8221; da_is_singular=&#8221;off&#8221; da_with_loader=&#8221;off&#8221; da_has_shadow=&#8221;on&#8221;][et_pb_row _builder_version=&#8221;4.20.4&#8243; _module_preset=&#8221;default&#8221; global_colors_info=&#8221;{}&#8221;][et_pb_column type=&#8221;4_4&#8243; _builder_version=&#8221;4.20.4&#8243; _module_preset=&#8221;default&#8221; global_colors_info=&#8221;{}&#8221;][et_pb_code _builder_version=&#8221;4.27.4&#8243; _module_preset=&#8221;default&#8221; global_colors_info=&#8221;{}&#8221;]<iframe frameborder=\"0\" style=\"height:720px;width:100%;border:none;\" src='https:\/\/zfrmz.com\/dL4T1QVFy0Q8zBsyj8qG'><\/iframe>[\/et_pb_code][\/et_pb_column][\/et_pb_row][\/et_pb_section]\n","protected":false},"excerpt":{"rendered":"<p>Tendencias laborales 2026: los cursos m\u00e1s demandados en Colombia El mercado laboral est\u00e1 cambiando con rapidez. La transformaci\u00f3n digital, la automatizaci\u00f3n de procesos, los cambios en la econom\u00eda y las nuevas necesidades sociales han generado una evoluci\u00f3n en las habilidades que las empresas buscan en los trabajadores. En este contexto, la formaci\u00f3n continua se ha [&hellip;]<\/p>\n","protected":false},"author":1,"featured_media":0,"comment_status":"closed","ping_status":"closed","sticky":false,"template":"","format":"standard","meta":{"_et_pb_use_builder":"on","_et_pb_old_content":"","_et_gb_content_width":"2880","footnotes":""},"categories":[1],"tags":[],"class_list":["post-4997","post","type-post","status-publish","format-standard","hentry","category-sin-categoria"],"aioseo_notices":[],"_links":{"self":[{"href":"https:\/\/educacion.crantioquia.org.co\/index.php\/wp-json\/wp\/v2\/posts\/4997","targetHints":{"allow":["GET"]}}],"collection":[{"href":"https:\/\/educacion.crantioquia.org.co\/index.php\/wp-json\/wp\/v2\/posts"}],"about":[{"href":"https:\/\/educacion.crantioquia.org.co\/index.php\/wp-json\/wp\/v2\/types\/post"}],"author":[{"embeddable":true,"href":"https:\/\/educacion.crantioquia.org.co\/index.php\/wp-json\/wp\/v2\/users\/1"}],"replies":[{"embeddable":true,"href":"https:\/\/educacion.crantioquia.org.co\/index.php\/wp-json\/wp\/v2\/comments?post=4997"}],"version-history":[{"count":6,"href":"https:\/\/educacion.crantioquia.org.co\/index.php\/wp-json\/wp\/v2\/posts\/4997\/revisions"}],"predecessor-version":[{"id":5014,"href":"https:\/\/educacion.crantioquia.org.co\/index.php\/wp-json\/wp\/v2\/posts\/4997\/revisions\/5014"}],"wp:attachment":[{"href":"https:\/\/educacion.crantioquia.org.co\/index.php\/wp-json\/wp\/v2\/media?parent=4997"}],"wp:term":[{"taxonomy":"category","embeddable":true,"href":"https:\/\/educacion.crantioquia.org.co\/index.php\/wp-json\/wp\/v2\/categories?post=4997"},{"taxonomy":"post_tag","embeddable":true,"href":"https:\/\/educacion.crantioquia.org.co\/index.php\/wp-json\/wp\/v2\/tags?post=4997"}],"curies":[{"name":"wp","href":"https:\/\/api.w.org\/{rel}","templated":true}]}}